{"id":267,"date":"2024-07-01T10:31:50","date_gmt":"2024-07-01T10:31:50","guid":{"rendered":"https:\/\/cageacademy.ch\/?p=267"},"modified":"2024-07-01T10:39:41","modified_gmt":"2024-07-01T10:39:41","slug":"elementor-267","status":"publish","type":"post","link":"https:\/\/cageacademy.ch\/?p=267","title":{"rendered":"Adola Fofana, Aveugle et Combattant"},"content":{"rendered":"\t\t<div data-elementor-type=\"wp-post\" data-elementor-id=\"267\" class=\"elementor elementor-267\" data-elementor-post-type=\"post\">\n\t\t\t\t<div class=\"elementor-element elementor-element-d608487 e-flex e-con-boxed e-con e-parent\" data-id=\"d608487\" data-element_type=\"container\">\n\t\t\t\t\t<div class=\"e-con-inner\">\n\t\t\t\t<div class=\"elementor-element elementor-element-481803f elementor-widget elementor-widget-heading\" data-id=\"481803f\" data-element_type=\"widget\" data-widget_type=\"heading.default\">\n\t\t\t\t<div class=\"elementor-widget-container\">\n\t\t\t<h2 class=\"elementor-heading-title elementor-size-default\">Adela Fofana, Aveugle et pratiquant de MMA.<\/h2>\t\t<\/div>\n\t\t\t\t<\/div>\n\t\t\t\t<div class=\"elementor-element elementor-element-d2fb0a4 elementor-widget elementor-widget-image\" data-id=\"d2fb0a4\" data-element_type=\"widget\" data-widget_type=\"image.default\">\n\t\t\t\t<div class=\"elementor-widget-container\">\n\t\t\t\t\t\t\t\t\t\t<figure class=\"wp-caption\">\n\t\t\t\t\t\t\t\t\t\t<img fetchpriority=\"high\" decoding=\"async\" width=\"768\" height=\"432\" src=\"https:\/\/cageacademy.ch\/wp-content\/uploads\/2024\/07\/7d0cbc2_1685853480973-file6nunhz0c3tjyidcw25m.avif\" class=\"attachment-medium_large size-medium_large wp-image-269\" alt=\"Adela Fofana pour le Temps.\" \/>\t\t\t\t\t\t\t\t\t\t\t<figcaption class=\"widget-image-caption wp-caption-text\">Adela Fofana, aveugle, pratique le MMA Carouge. \u2014 \u00a9 Lionel Flusin<\/figcaption>\n\t\t\t\t\t\t\t\t\t\t<\/figure>\n\t\t\t\t\t\t\t<\/div>\n\t\t\t\t<\/div>\n\t\t\t\t<div class=\"elementor-element elementor-element-9a4f41c elementor-widget elementor-widget-heading\" data-id=\"9a4f41c\" data-element_type=\"widget\" data-widget_type=\"heading.default\">\n\t\t\t\t<div class=\"elementor-widget-container\">\n\t\t\t<h3 class=\"elementor-heading-title elementor-size-default\">Venez d\u00e9couvrir la fantastique histoire de Adela Fofana qui est non-voyant et qui pratique le MMA, un article par Le Temps.<br><br>\"Tous les mardis soir dans une salle de boxe de Carouge, Adola Fofana \npratique le MMA, un sport de combat extr\u00eame qui s\u00e9duit de plus en plus. A\n la diff\u00e9rence des autres, Adola Fofana est avocat, noir et aveugle\"<\/h3>\t\t<\/div>\n\t\t\t\t<\/div>\n\t\t\t\t<div class=\"elementor-element elementor-element-4fa6b5e elementor-cta--skin-cover elementor-animated-content elementor-bg-transform elementor-bg-transform-zoom-in elementor-widget elementor-widget-call-to-action\" data-id=\"4fa6b5e\" data-element_type=\"widget\" data-widget_type=\"call-to-action.default\">\n\t\t\t\t<div class=\"elementor-widget-container\">\n\t\t\t\t\t<div class=\"elementor-cta\">\n\t\t\t\t\t<div class=\"elementor-cta__bg-wrapper\">\n\t\t\t\t<div class=\"elementor-cta__bg elementor-bg\" style=\"background-image: url(https:\/\/cageacademy.ch\/wp-content\/uploads\/2024\/07\/7d0cbc2_1685853480973-file6nunhz0c3tjyidcw25m.avif);\" role=\"img\" aria-label=\"Adela Fofana pour le Temps.\"><\/div>\n\t\t\t\t<div class=\"elementor-cta__bg-overlay\"><\/div>\n\t\t\t<\/div>\n\t\t\t\t\t\t\t<div class=\"elementor-cta__content\">\n\t\t\t\t\n\t\t\t\t\t\t\t\t\t<h2 class=\"elementor-cta__title elementor-cta__content-item elementor-content-item elementor-animated-item--grow\">\n\t\t\t\t\t\tLisez l'article complet\t\t\t\t\t<\/h2>\n\t\t\t\t\n\t\t\t\t\t\t\t\t\t<div class=\"elementor-cta__description elementor-cta__content-item elementor-content-item elementor-animated-item--grow\">\n\t\t\t\t\t\t\u00abRester avec d\u2019autres aveugles ne me paraissait pas n\u00e9cessaire. Je ne cherche pas la facilit\u00e9. La vie est parsem\u00e9e d\u2019obstacles, il faut apprendre \u00e0 les surmonter.\u00bb\t\t\t\t\t<\/div>\n\t\t\t\t\n\t\t\t\t\t\t\t\t\t<div class=\"elementor-cta__button-wrapper elementor-cta__content-item elementor-content-item elementor-animated-item--grow\">\n\t\t\t\t\t<a class=\"elementor-cta__button elementor-button elementor-size-\" href=\"https:\/\/www.letemps.ch\/sport\/selfdefense-dy-voir\">\n\t\t\t\t\t\tCliquer ici\t\t\t\t\t<\/a>\n\t\t\t\t\t<\/div>\n\t\t\t\t\t\t\t<\/div>\n\t\t\t\t\t\t<\/div>\n\t\t\t\t<\/div>\n\t\t\t\t<\/div>\n\t\t\t\t\t<\/div>\n\t\t\t\t<\/div>\n\t\t<div class=\"elementor-element elementor-element-882c981 e-flex e-con-boxed e-con e-parent\" data-id=\"882c981\" data-element_type=\"container\">\n\t\t\t\t\t<div class=\"e-con-inner\">\n\t\t\t\t\t<\/div>\n\t\t\t\t<\/div>\n\t\t\t\t<\/div>\n\t\t","protected":false},"excerpt":{"rendered":"<p>D\u00e9couvrez la fantastique histoire d&rsquo;Adola qui est non-voyant et pratiquant de MMA.<\/p>\n","protected":false},"author":2,"featured_media":269,"comment_status":"closed","ping_status":"open","sticky":false,"template":"","format":"standard","meta":{"_acf_changed":false,"footnotes":""},"categories":[8],"tags":[],"class_list":["post-267","post","type-post","status-publish","format-standard","has-post-thumbnail","hentry","category-mma"],"acf":[],"aioseo_notices":[],"_links":{"self":[{"href":"https:\/\/cageacademy.ch\/index.php?rest_route=\/wp\/v2\/posts\/267"}],"collection":[{"href":"https:\/\/cageacademy.ch\/index.php?rest_route=\/wp\/v2\/posts"}],"about":[{"href":"https:\/\/cageacademy.ch\/index.php?rest_route=\/wp\/v2\/types\/post"}],"author":[{"embeddable":true,"href":"https:\/\/cageacademy.ch\/index.php?rest_route=\/wp\/v2\/users\/2"}],"replies":[{"embeddable":true,"href":"https:\/\/cageacademy.ch\/index.php?rest_route=%2Fwp%2Fv2%2Fcomments&post=267"}],"version-history":[{"count":9,"href":"https:\/\/cageacademy.ch\/index.php?rest_route=\/wp\/v2\/posts\/267\/revisions"}],"predecessor-version":[{"id":277,"href":"https:\/\/cageacademy.ch\/index.php?rest_route=\/wp\/v2\/posts\/267\/revisions\/277"}],"wp:featuredmedia":[{"embeddable":true,"href":"https:\/\/cageacademy.ch\/index.php?rest_route=\/wp\/v2\/media\/269"}],"wp:attachment":[{"href":"https:\/\/cageacademy.ch\/index.php?rest_route=%2Fwp%2Fv2%2Fmedia&parent=267"}],"wp:term":[{"taxonomy":"category","embeddable":true,"href":"https:\/\/cageacademy.ch\/index.php?rest_route=%2Fwp%2Fv2%2Fcategories&post=267"},{"taxonomy":"post_tag","embeddable":true,"href":"https:\/\/cageacademy.ch\/index.php?rest_route=%2Fwp%2Fv2%2Ftags&post=267"}],"curies":[{"name":"wp","href":"https:\/\/api.w.org\/{rel}","templated":true}]}}