{"id":278,"date":"2024-07-01T10:43:36","date_gmt":"2024-07-01T10:43:36","guid":{"rendered":"https:\/\/cageacademy.ch\/?p=278"},"modified":"2024-07-01T11:07:17","modified_gmt":"2024-07-01T11:07:17","slug":"elementor-278","status":"publish","type":"post","link":"https:\/\/cageacademy.ch\/?p=278","title":{"rendered":"D\u00e9couvrez l&rsquo;incroyable parcours de Vincent Barro dans l&rsquo;interview exclusive de NeufDixieme"},"content":{"rendered":"\t\t<div data-elementor-type=\"wp-post\" data-elementor-id=\"278\" class=\"elementor elementor-278\" data-elementor-post-type=\"post\">\n\t\t\t\t<div class=\"elementor-element elementor-element-0fcec8d e-flex e-con-boxed e-con e-parent\" data-id=\"0fcec8d\" data-element_type=\"container\">\n\t\t\t\t\t<div class=\"e-con-inner\">\n\t\t\t\t<div class=\"elementor-element elementor-element-20663bb elementor-widget elementor-widget-heading\" data-id=\"20663bb\" data-element_type=\"widget\" data-widget_type=\"heading.default\">\n\t\t\t\t<div class=\"elementor-widget-container\">\n\t\t\t<h2 class=\"elementor-heading-title elementor-size-default\">D\u00e9couvrez l\u2019incroyable parcours de Vincent Barro dans l\u2019interview exclusive de NeufDixieme<\/h2>\t\t<\/div>\n\t\t\t\t<\/div>\n\t\t\t\t\t<\/div>\n\t\t\t\t<\/div>\n\t\t<div class=\"elementor-element elementor-element-e08625a e-flex e-con-boxed e-con e-parent\" data-id=\"e08625a\" data-element_type=\"container\">\n\t\t\t\t\t<div class=\"e-con-inner\">\n\t\t\t\t<div class=\"elementor-element elementor-element-c1cbf0b elementor-widget elementor-widget-image\" data-id=\"c1cbf0b\" data-element_type=\"widget\" data-widget_type=\"image.default\">\n\t\t\t\t<div class=\"elementor-widget-container\">\n\t\t\t\t\t\t\t\t\t\t<figure class=\"wp-caption\">\n\t\t\t\t\t\t\t\t\t\t<img fetchpriority=\"high\" decoding=\"async\" width=\"800\" height=\"490\" src=\"https:\/\/cageacademy.ch\/wp-content\/uploads\/2024\/07\/Screenshot-2024-07-01-at-12-44-10-THE-LIGHT-CLUB-by-NEUFDIXIEME-Exposure-1024x627.png\" class=\"attachment-large size-large wp-image-280\" alt=\"Photo de Vincent Barro posant dans la Cage\" srcset=\"https:\/\/cageacademy.ch\/wp-content\/uploads\/2024\/07\/Screenshot-2024-07-01-at-12-44-10-THE-LIGHT-CLUB-by-NEUFDIXIEME-Exposure-1024x627.png 1024w, https:\/\/cageacademy.ch\/wp-content\/uploads\/2024\/07\/Screenshot-2024-07-01-at-12-44-10-THE-LIGHT-CLUB-by-NEUFDIXIEME-Exposure-300x184.png 300w, https:\/\/cageacademy.ch\/wp-content\/uploads\/2024\/07\/Screenshot-2024-07-01-at-12-44-10-THE-LIGHT-CLUB-by-NEUFDIXIEME-Exposure-768x470.png 768w, https:\/\/cageacademy.ch\/wp-content\/uploads\/2024\/07\/Screenshot-2024-07-01-at-12-44-10-THE-LIGHT-CLUB-by-NEUFDIXIEME-Exposure-1536x941.png 1536w, https:\/\/cageacademy.ch\/wp-content\/uploads\/2024\/07\/Screenshot-2024-07-01-at-12-44-10-THE-LIGHT-CLUB-by-NEUFDIXIEME-Exposure-2048x1254.png 2048w\" sizes=\"(max-width: 800px) 100vw, 800px\" \/>\t\t\t\t\t\t\t\t\t\t\t<figcaption class=\"widget-image-caption wp-caption-text\">Vincent Barro posant dans la cage de MMA.<\/figcaption>\n\t\t\t\t\t\t\t\t\t\t<\/figure>\n\t\t\t\t\t\t\t<\/div>\n\t\t\t\t<\/div>\n\t\t\t\t\t<\/div>\n\t\t\t\t<\/div>\n\t\t<div class=\"elementor-element elementor-element-da5aaf9 e-flex e-con-boxed e-con e-parent\" data-id=\"da5aaf9\" data-element_type=\"container\">\n\t\t\t\t\t<div class=\"e-con-inner\">\n\t\t\t\t<div class=\"elementor-element elementor-element-21e2601 elementor-widget elementor-widget-heading\" data-id=\"21e2601\" data-element_type=\"widget\" data-widget_type=\"heading.default\">\n\t\t\t\t<div class=\"elementor-widget-container\">\n\t\t\t<h2 class=\"elementor-heading-title elementor-size-default\"><p>NeufDixieme nous offre une plong\u00e9e fascinante dans la vie et la carri\u00e8re de Vincent Barro, un combattant hors du commun. Dans cette interview, Vincent partage son parcours unique, ses d\u00e9fis, et sa philosophie du Free Fight. Voici un extrait captivant :<\/p>\n    \n    <blockquote>\n        <p>\"La premi\u00e8re fois que l\u2019on croise Vincent Barro, on est forc\u00e9ment intrigu\u00e9. L\u2019homme impressionne, stature massive et regard intense, le genre qu\u2019on n\u2019a pas envie de chercher et encore moins de trouver. Surtout quand il nous emm\u00e8ne au sous-sol de la menuiserie familiale, o\u00f9 l\u2019on craint de se perdre dans les d\u00e9dales au son de la scie...\"<\/p>\n    <\/blockquote><\/h2>\t\t<\/div>\n\t\t\t\t<\/div>\n\t\t\t\t\t<\/div>\n\t\t\t\t<\/div>\n\t\t<div class=\"elementor-element elementor-element-d8314e0 e-flex e-con-boxed e-con e-parent\" data-id=\"d8314e0\" data-element_type=\"container\">\n\t\t\t\t\t<div class=\"e-con-inner\">\n\t\t\t\t<div class=\"elementor-element elementor-element-9470263 elementor-cta--skin-cover elementor-animated-content elementor-bg-transform elementor-bg-transform-zoom-in elementor-widget elementor-widget-call-to-action\" data-id=\"9470263\" data-element_type=\"widget\" data-widget_type=\"call-to-action.default\">\n\t\t\t\t<div class=\"elementor-widget-container\">\n\t\t\t\t\t<div class=\"elementor-cta\">\n\t\t\t\t\t<div class=\"elementor-cta__bg-wrapper\">\n\t\t\t\t<div class=\"elementor-cta__bg elementor-bg\" style=\"background-image: url(https:\/\/cageacademy.ch\/wp-content\/uploads\/2024\/07\/Screenshot-2024-07-01-at-12-44-10-THE-LIGHT-CLUB-by-NEUFDIXIEME-Exposure-1024x627.png);\" role=\"img\" aria-label=\"Photo de Vincent Barro posant dans la Cage\"><\/div>\n\t\t\t\t<div class=\"elementor-cta__bg-overlay\"><\/div>\n\t\t\t<\/div>\n\t\t\t\t\t\t\t<div class=\"elementor-cta__content\">\n\t\t\t\t\n\t\t\t\t\t\t\t\t\t<h2 class=\"elementor-cta__title elementor-cta__content-item elementor-content-item elementor-animated-item--grow\">\n\t\t\t\t\t\tLisez l'article complet\t\t\t\t\t<\/h2>\n\t\t\t\t\n\t\t\t\t\t\t\t\t\t<div class=\"elementor-cta__description elementor-cta__content-item elementor-content-item elementor-animated-item--grow\">\n\t\t\t\t\t\tPour d\u00e9couvrir l'interview compl\u00e8te de Vincent Barro, cliquez sur le lien ci-dessous \t\t\t\t\t<\/div>\n\t\t\t\t\n\t\t\t\t\t\t\t\t\t<div class=\"elementor-cta__button-wrapper elementor-cta__content-item elementor-content-item elementor-animated-item--grow\">\n\t\t\t\t\t<a class=\"elementor-cta__button elementor-button elementor-size-\" href=\"https:\/\/www.neufdixieme.com\/the-light-club\">\n\t\t\t\t\t\tCliquer ici\t\t\t\t\t<\/a>\n\t\t\t\t\t<\/div>\n\t\t\t\t\t\t\t<\/div>\n\t\t\t\t\t\t<\/div>\n\t\t\t\t<\/div>\n\t\t\t\t<\/div>\n\t\t\t\t\t<\/div>\n\t\t\t\t<\/div>\n\t\t\t\t<\/div>\n\t\t","protected":false},"excerpt":{"rendered":"<p>Vincent Barro, avec une carri\u00e8re marqu\u00e9e par la diversit\u00e9 des disciplines et une d\u00e9termination sans faille, ouvre les portes de son monde du Free Fight. De ses d\u00e9buts dans le judo \u00e0 ses exploits en MMA, il raconte avec passion et humilit\u00e9 ses exp\u00e9riences, ses combats, et sa vision du sport.<\/p>\n","protected":false},"author":2,"featured_media":280,"comment_status":"closed","ping_status":"open","sticky":false,"template":"","format":"standard","meta":{"_acf_changed":false,"footnotes":""},"categories":[8],"tags":[],"class_list":["post-278","post","type-post","status-publish","format-standard","has-post-thumbnail","hentry","category-mma"],"acf":[],"aioseo_notices":[],"_links":{"self":[{"href":"https:\/\/cageacademy.ch\/index.php?rest_route=\/wp\/v2\/posts\/278"}],"collection":[{"href":"https:\/\/cageacademy.ch\/index.php?rest_route=\/wp\/v2\/posts"}],"about":[{"href":"https:\/\/cageacademy.ch\/index.php?rest_route=\/wp\/v2\/types\/post"}],"author":[{"embeddable":true,"href":"https:\/\/cageacademy.ch\/index.php?rest_route=\/wp\/v2\/users\/2"}],"replies":[{"embeddable":true,"href":"https:\/\/cageacademy.ch\/index.php?rest_route=%2Fwp%2Fv2%2Fcomments&post=278"}],"version-history":[{"count":9,"href":"https:\/\/cageacademy.ch\/index.php?rest_route=\/wp\/v2\/posts\/278\/revisions"}],"predecessor-version":[{"id":304,"href":"https:\/\/cageacademy.ch\/index.php?rest_route=\/wp\/v2\/posts\/278\/revisions\/304"}],"wp:featuredmedia":[{"embeddable":true,"href":"https:\/\/cageacademy.ch\/index.php?rest_route=\/wp\/v2\/media\/280"}],"wp:attachment":[{"href":"https:\/\/cageacademy.ch\/index.php?rest_route=%2Fwp%2Fv2%2Fmedia&parent=278"}],"wp:term":[{"taxonomy":"category","embeddable":true,"href":"https:\/\/cageacademy.ch\/index.php?rest_route=%2Fwp%2Fv2%2Fcategories&post=278"},{"taxonomy":"post_tag","embeddable":true,"href":"https:\/\/cageacademy.ch\/index.php?rest_route=%2Fwp%2Fv2%2Ftags&post=278"}],"curies":[{"name":"wp","href":"https:\/\/api.w.org\/{rel}","templated":true}]}}